{"id":2349,"date":"2024-06-06T08:59:32","date_gmt":"2024-06-06T06:59:32","guid":{"rendered":"https:\/\/www.hralert.be\/?post_type=news&#038;p=2349"},"modified":"2024-06-06T11:28:21","modified_gmt":"2024-06-06T09:28:21","slug":"federale-mobiliteitsenquete-2024","status":"publish","type":"news","link":"https:\/\/www.hralert.be\/nl\/news\/federale-mobiliteitsenquete-2024\/","title":{"rendered":"Federale mobiliteitsenqu\u00eate 2024"},"content":{"rendered":"<p>Private en publieke werkgevers met meer dan 100 werknemers moeten dit jaar opnieuw de federale mobiliteitsenqu\u00eate invullen voor elke vestiging met minstens 30 werknemers. De enqu\u00eate loopt van 30 juni 2024 tot 31 januari 2025. Werkgevers moeten de enqu\u00eate minstens 2 maanden v\u00f3\u00f3r indiening ter advies voorleggen aan de werknemersvertegenwoordiging.<\/p>\n","protected":false},"featured_media":0,"template":"","categories":[9],"acf":[],"yoast_head":"<!-- This site is optimized with the Yoast SEO plugin v20.13 - https:\/\/yoast.com\/wordpress\/plugins\/seo\/ -->\n<title>Federale mobiliteitsenqu\u00eate 2024 - HR Alert<\/title>\n<meta name=\"robots\" content=\"index, follow, max-snippet:-1, max-image-preview:large, max-video-preview:-1\" \/>\n<link rel=\"canonical\" href=\"https:\/\/www.hralert.be\/nl\/news\/federale-mobiliteitsenquete-2024\/\" \/>\n<meta property=\"og:locale\" content=\"nl_NL\" \/>\n<meta property=\"og:type\" content=\"article\" \/>\n<meta property=\"og:title\" content=\"Federale mobiliteitsenqu\u00eate 2024 - HR Alert\" \/>\n<meta property=\"og:description\" content=\"Private en publieke werkgevers met meer dan 100 werknemers moeten dit jaar opnieuw de federale mobiliteitsenqu\u00eate invullen voor elke vestiging met minstens 30 werknemers. De enqu\u00eate loopt van 30 juni 2024 tot 31 januari 2025. Werkgevers moeten de enqu\u00eate minstens 2 maanden v\u00f3\u00f3r indiening ter advies voorleggen aan de werknemersvertegenwoordiging.\" \/>\n<meta property=\"og:url\" content=\"https:\/\/www.hralert.be\/nl\/news\/federale-mobiliteitsenquete-2024\/\" \/>\n<meta property=\"og:site_name\" content=\"HR Alert\" \/>\n<meta property=\"article:modified_time\" content=\"2024-06-06T09:28:21+00:00\" \/>\n<meta name=\"twitter:card\" content=\"summary_large_image\" \/>\n<meta name=\"twitter:label1\" content=\"Geschatte leestijd\" \/>\n\t<meta name=\"twitter:data1\" content=\"1 minuut\" \/>\n<script type=\"application\/ld+json\" class=\"yoast-schema-graph\">{\"@context\":\"https:\/\/schema.org\",\"@graph\":[{\"@type\":\"WebPage\",\"@id\":\"https:\/\/www.hralert.be\/nl\/news\/federale-mobiliteitsenquete-2024\/\",\"url\":\"https:\/\/www.hralert.be\/nl\/news\/federale-mobiliteitsenquete-2024\/\",\"name\":\"Federale mobiliteitsenqu\u00eate 2024 - HR Alert\",\"isPartOf\":{\"@id\":\"https:\/\/www.hralert.be\/nl\/#website\"},\"datePublished\":\"2024-06-06T06:59:32+00:00\",\"dateModified\":\"2024-06-06T09:28:21+00:00\",\"breadcrumb\":{\"@id\":\"https:\/\/www.hralert.be\/nl\/news\/federale-mobiliteitsenquete-2024\/#breadcrumb\"},\"inLanguage\":\"nl-NL\",\"potentialAction\":[{\"@type\":\"ReadAction\",\"target\":[\"https:\/\/www.hralert.be\/nl\/news\/federale-mobiliteitsenquete-2024\/\"]}]},{\"@type\":\"BreadcrumbList\",\"@id\":\"https:\/\/www.hralert.be\/nl\/news\/federale-mobiliteitsenquete-2024\/#breadcrumb\",\"itemListElement\":[{\"@type\":\"ListItem\",\"position\":1,\"name\":\"Accueil\",\"item\":\"https:\/\/www.hralert.be\/nl\/\"},{\"@type\":\"ListItem\",\"position\":2,\"name\":\"Federale mobiliteitsenqu\u00eate 2024\"}]},{\"@type\":\"WebSite\",\"@id\":\"https:\/\/www.hralert.be\/nl\/#website\",\"url\":\"https:\/\/www.hralert.be\/nl\/\",\"name\":\"HR Alert\",\"description\":\"Real Time News for Human Resources Governance\",\"publisher\":{\"@id\":\"https:\/\/www.hralert.be\/nl\/#organization\"},\"potentialAction\":[{\"@type\":\"SearchAction\",\"target\":{\"@type\":\"EntryPoint\",\"urlTemplate\":\"https:\/\/www.hralert.be\/nl\/?s={search_term_string}\"},\"query-input\":\"required name=search_term_string\"}],\"inLanguage\":\"nl-NL\"},{\"@type\":\"Organization\",\"@id\":\"https:\/\/www.hralert.be\/nl\/#organization\",\"name\":\"HR Alert\",\"url\":\"https:\/\/www.hralert.be\/nl\/\",\"logo\":{\"@type\":\"ImageObject\",\"inLanguage\":\"nl-NL\",\"@id\":\"https:\/\/www.hralert.be\/nl\/#\/schema\/logo\/image\/\",\"url\":\"https:\/\/hralert.arkdevel.be\/wp-content\/uploads\/2022\/01\/logo-base-couleur_1.svg\",\"contentUrl\":\"https:\/\/hralert.arkdevel.be\/wp-content\/uploads\/2022\/01\/logo-base-couleur_1.svg\",\"width\":350.41,\"height\":68.12,\"caption\":\"HR Alert\"},\"image\":{\"@id\":\"https:\/\/www.hralert.be\/nl\/#\/schema\/logo\/image\/\"}}]}<\/script>\n<!-- \/ Yoast SEO plugin. -->","yoast_head_json":{"title":"Federale mobiliteitsenqu\u00eate 2024 - HR Alert","robots":{"index":"index","follow":"follow","max-snippet":"max-snippet:-1","max-image-preview":"max-image-preview:large","max-video-preview":"max-video-preview:-1"},"canonical":"https:\/\/www.hralert.be\/nl\/news\/federale-mobiliteitsenquete-2024\/","og_locale":"nl_NL","og_type":"article","og_title":"Federale mobiliteitsenqu\u00eate 2024 - HR Alert","og_description":"Private en publieke werkgevers met meer dan 100 werknemers moeten dit jaar opnieuw de federale mobiliteitsenqu\u00eate invullen voor elke vestiging met minstens 30 werknemers. De enqu\u00eate loopt van 30 juni 2024 tot 31 januari 2025. Werkgevers moeten de enqu\u00eate minstens 2 maanden v\u00f3\u00f3r indiening ter advies voorleggen aan de werknemersvertegenwoordiging.","og_url":"https:\/\/www.hralert.be\/nl\/news\/federale-mobiliteitsenquete-2024\/","og_site_name":"HR Alert","article_modified_time":"2024-06-06T09:28:21+00:00","twitter_card":"summary_large_image","twitter_misc":{"Geschatte leestijd":"1 minuut"},"schema":{"@context":"https:\/\/schema.org","@graph":[{"@type":"WebPage","@id":"https:\/\/www.hralert.be\/nl\/news\/federale-mobiliteitsenquete-2024\/","url":"https:\/\/www.hralert.be\/nl\/news\/federale-mobiliteitsenquete-2024\/","name":"Federale mobiliteitsenqu\u00eate 2024 - HR Alert","isPartOf":{"@id":"https:\/\/www.hralert.be\/nl\/#website"},"datePublished":"2024-06-06T06:59:32+00:00","dateModified":"2024-06-06T09:28:21+00:00","breadcrumb":{"@id":"https:\/\/www.hralert.be\/nl\/news\/federale-mobiliteitsenquete-2024\/#breadcrumb"},"inLanguage":"nl-NL","potentialAction":[{"@type":"ReadAction","target":["https:\/\/www.hralert.be\/nl\/news\/federale-mobiliteitsenquete-2024\/"]}]},{"@type":"BreadcrumbList","@id":"https:\/\/www.hralert.be\/nl\/news\/federale-mobiliteitsenquete-2024\/#breadcrumb","itemListElement":[{"@type":"ListItem","position":1,"name":"Accueil","item":"https:\/\/www.hralert.be\/nl\/"},{"@type":"ListItem","position":2,"name":"Federale mobiliteitsenqu\u00eate 2024"}]},{"@type":"WebSite","@id":"https:\/\/www.hralert.be\/nl\/#website","url":"https:\/\/www.hralert.be\/nl\/","name":"HR Alert","description":"Real Time News for Human Resources Governance","publisher":{"@id":"https:\/\/www.hralert.be\/nl\/#organization"},"potentialAction":[{"@type":"SearchAction","target":{"@type":"EntryPoint","urlTemplate":"https:\/\/www.hralert.be\/nl\/?s={search_term_string}"},"query-input":"required name=search_term_string"}],"inLanguage":"nl-NL"},{"@type":"Organization","@id":"https:\/\/www.hralert.be\/nl\/#organization","name":"HR Alert","url":"https:\/\/www.hralert.be\/nl\/","logo":{"@type":"ImageObject","inLanguage":"nl-NL","@id":"https:\/\/www.hralert.be\/nl\/#\/schema\/logo\/image\/","url":"https:\/\/hralert.arkdevel.be\/wp-content\/uploads\/2022\/01\/logo-base-couleur_1.svg","contentUrl":"https:\/\/hralert.arkdevel.be\/wp-content\/uploads\/2022\/01\/logo-base-couleur_1.svg","width":350.41,"height":68.12,"caption":"HR Alert"},"image":{"@id":"https:\/\/www.hralert.be\/nl\/#\/schema\/logo\/image\/"}}]}},"_links":{"self":[{"href":"https:\/\/www.hralert.be\/nl\/wp-json\/wp\/v2\/news\/2349"}],"collection":[{"href":"https:\/\/www.hralert.be\/nl\/wp-json\/wp\/v2\/news"}],"about":[{"href":"https:\/\/www.hralert.be\/nl\/wp-json\/wp\/v2\/types\/news"}],"wp:attachment":[{"href":"https:\/\/www.hralert.be\/nl\/wp-json\/wp\/v2\/media?parent=2349"}],"wp:term":[{"taxonomy":"category","embeddable":true,"href":"https:\/\/www.hralert.be\/nl\/wp-json\/wp\/v2\/categories?post=2349"}],"curies":[{"name":"wp","href":"https:\/\/api.w.org\/{rel}","templated":true}]}}