{"id":1415,"date":"2024-01-11T08:48:38","date_gmt":"2024-01-11T07:48:38","guid":{"rendered":"https:\/\/www.hralert.be\/?post_type=news&#038;p=1415"},"modified":"2024-01-11T08:48:38","modified_gmt":"2024-01-11T07:48:38","slug":"verplicht-opleidingsplan-hoe-begin-je-eraan","status":"publish","type":"news","link":"https:\/\/www.hralert.be\/nl\/news\/verplicht-opleidingsplan-hoe-begin-je-eraan\/","title":{"rendered":"Verplicht opleidingsplan: hoe begin je eraan?"},"content":{"rendered":"<p>Uiterlijk 31 maart 2024 moeten bedrijven met meer dan 20 werknemers een verplicht opleidingsplan opstellen. Dit ondersteunt de arbeidsdeal van 2030 en bevordert de werkgelegenheidsgraad.\u00a0 Werkgevers moeten speciale aandacht geven aan de noden van werknemers in risicogroepen. Het plan, geldig voor minimaal \u00e9\u00e9n jaar, moet binnen een maand na inwerktreding worden ge\u00fcpload op het Federal Learning Account, met gegarandeerde toegang voor werknemers en hun vertegenwoordigers op aanvraag.<\/p>\n","protected":false},"featured_media":0,"template":"","categories":[9],"acf":[],"yoast_head":"<!-- This site is optimized with the Yoast SEO plugin v20.13 - https:\/\/yoast.com\/wordpress\/plugins\/seo\/ -->\n<title>Verplicht opleidingsplan: hoe begin je eraan? - HR Alert<\/title>\n<meta name=\"robots\" content=\"index, follow, max-snippet:-1, max-image-preview:large, max-video-preview:-1\" \/>\n<link rel=\"canonical\" href=\"https:\/\/www.hralert.be\/nl\/news\/verplicht-opleidingsplan-hoe-begin-je-eraan\/\" \/>\n<meta property=\"og:locale\" content=\"nl_NL\" \/>\n<meta property=\"og:type\" content=\"article\" \/>\n<meta property=\"og:title\" content=\"Verplicht opleidingsplan: hoe begin je eraan? - HR Alert\" \/>\n<meta property=\"og:description\" content=\"Uiterlijk 31 maart 2024 moeten bedrijven met meer dan 20 werknemers een verplicht opleidingsplan opstellen. Dit ondersteunt de arbeidsdeal van 2030 en bevordert de werkgelegenheidsgraad.\u00a0 Werkgevers moeten speciale aandacht geven aan de noden van werknemers in risicogroepen. Het plan, geldig voor minimaal \u00e9\u00e9n jaar, moet binnen een maand na inwerktreding worden ge\u00fcpload op het Federal [&hellip;]\" \/>\n<meta property=\"og:url\" content=\"https:\/\/www.hralert.be\/nl\/news\/verplicht-opleidingsplan-hoe-begin-je-eraan\/\" \/>\n<meta property=\"og:site_name\" content=\"HR Alert\" \/>\n<meta name=\"twitter:card\" content=\"summary_large_image\" \/>\n<meta name=\"twitter:label1\" content=\"Geschatte leestijd\" \/>\n\t<meta name=\"twitter:data1\" content=\"1 minuut\" \/>\n<script type=\"application\/ld+json\" class=\"yoast-schema-graph\">{\"@context\":\"https:\/\/schema.org\",\"@graph\":[{\"@type\":\"WebPage\",\"@id\":\"https:\/\/www.hralert.be\/nl\/news\/verplicht-opleidingsplan-hoe-begin-je-eraan\/\",\"url\":\"https:\/\/www.hralert.be\/nl\/news\/verplicht-opleidingsplan-hoe-begin-je-eraan\/\",\"name\":\"Verplicht opleidingsplan: hoe begin je eraan? - HR Alert\",\"isPartOf\":{\"@id\":\"https:\/\/www.hralert.be\/nl\/#website\"},\"datePublished\":\"2024-01-11T07:48:38+00:00\",\"dateModified\":\"2024-01-11T07:48:38+00:00\",\"breadcrumb\":{\"@id\":\"https:\/\/www.hralert.be\/nl\/news\/verplicht-opleidingsplan-hoe-begin-je-eraan\/#breadcrumb\"},\"inLanguage\":\"nl-NL\",\"potentialAction\":[{\"@type\":\"ReadAction\",\"target\":[\"https:\/\/www.hralert.be\/nl\/news\/verplicht-opleidingsplan-hoe-begin-je-eraan\/\"]}]},{\"@type\":\"BreadcrumbList\",\"@id\":\"https:\/\/www.hralert.be\/nl\/news\/verplicht-opleidingsplan-hoe-begin-je-eraan\/#breadcrumb\",\"itemListElement\":[{\"@type\":\"ListItem\",\"position\":1,\"name\":\"Accueil\",\"item\":\"https:\/\/www.hralert.be\/nl\/\"},{\"@type\":\"ListItem\",\"position\":2,\"name\":\"Verplicht opleidingsplan: hoe begin je eraan?\"}]},{\"@type\":\"WebSite\",\"@id\":\"https:\/\/www.hralert.be\/nl\/#website\",\"url\":\"https:\/\/www.hralert.be\/nl\/\",\"name\":\"HR Alert\",\"description\":\"Real Time News for Human Resources Governance\",\"publisher\":{\"@id\":\"https:\/\/www.hralert.be\/nl\/#organization\"},\"potentialAction\":[{\"@type\":\"SearchAction\",\"target\":{\"@type\":\"EntryPoint\",\"urlTemplate\":\"https:\/\/www.hralert.be\/nl\/?s={search_term_string}\"},\"query-input\":\"required name=search_term_string\"}],\"inLanguage\":\"nl-NL\"},{\"@type\":\"Organization\",\"@id\":\"https:\/\/www.hralert.be\/nl\/#organization\",\"name\":\"HR Alert\",\"url\":\"https:\/\/www.hralert.be\/nl\/\",\"logo\":{\"@type\":\"ImageObject\",\"inLanguage\":\"nl-NL\",\"@id\":\"https:\/\/www.hralert.be\/nl\/#\/schema\/logo\/image\/\",\"url\":\"https:\/\/hralert.arkdevel.be\/wp-content\/uploads\/2022\/01\/logo-base-couleur_1.svg\",\"contentUrl\":\"https:\/\/hralert.arkdevel.be\/wp-content\/uploads\/2022\/01\/logo-base-couleur_1.svg\",\"width\":350.41,\"height\":68.12,\"caption\":\"HR Alert\"},\"image\":{\"@id\":\"https:\/\/www.hralert.be\/nl\/#\/schema\/logo\/image\/\"}}]}<\/script>\n<!-- \/ Yoast SEO plugin. -->","yoast_head_json":{"title":"Verplicht opleidingsplan: hoe begin je eraan? - HR Alert","robots":{"index":"index","follow":"follow","max-snippet":"max-snippet:-1","max-image-preview":"max-image-preview:large","max-video-preview":"max-video-preview:-1"},"canonical":"https:\/\/www.hralert.be\/nl\/news\/verplicht-opleidingsplan-hoe-begin-je-eraan\/","og_locale":"nl_NL","og_type":"article","og_title":"Verplicht opleidingsplan: hoe begin je eraan? - HR Alert","og_description":"Uiterlijk 31 maart 2024 moeten bedrijven met meer dan 20 werknemers een verplicht opleidingsplan opstellen. Dit ondersteunt de arbeidsdeal van 2030 en bevordert de werkgelegenheidsgraad.\u00a0 Werkgevers moeten speciale aandacht geven aan de noden van werknemers in risicogroepen. Het plan, geldig voor minimaal \u00e9\u00e9n jaar, moet binnen een maand na inwerktreding worden ge\u00fcpload op het Federal [&hellip;]","og_url":"https:\/\/www.hralert.be\/nl\/news\/verplicht-opleidingsplan-hoe-begin-je-eraan\/","og_site_name":"HR Alert","twitter_card":"summary_large_image","twitter_misc":{"Geschatte leestijd":"1 minuut"},"schema":{"@context":"https:\/\/schema.org","@graph":[{"@type":"WebPage","@id":"https:\/\/www.hralert.be\/nl\/news\/verplicht-opleidingsplan-hoe-begin-je-eraan\/","url":"https:\/\/www.hralert.be\/nl\/news\/verplicht-opleidingsplan-hoe-begin-je-eraan\/","name":"Verplicht opleidingsplan: hoe begin je eraan? - HR Alert","isPartOf":{"@id":"https:\/\/www.hralert.be\/nl\/#website"},"datePublished":"2024-01-11T07:48:38+00:00","dateModified":"2024-01-11T07:48:38+00:00","breadcrumb":{"@id":"https:\/\/www.hralert.be\/nl\/news\/verplicht-opleidingsplan-hoe-begin-je-eraan\/#breadcrumb"},"inLanguage":"nl-NL","potentialAction":[{"@type":"ReadAction","target":["https:\/\/www.hralert.be\/nl\/news\/verplicht-opleidingsplan-hoe-begin-je-eraan\/"]}]},{"@type":"BreadcrumbList","@id":"https:\/\/www.hralert.be\/nl\/news\/verplicht-opleidingsplan-hoe-begin-je-eraan\/#breadcrumb","itemListElement":[{"@type":"ListItem","position":1,"name":"Accueil","item":"https:\/\/www.hralert.be\/nl\/"},{"@type":"ListItem","position":2,"name":"Verplicht opleidingsplan: hoe begin je eraan?"}]},{"@type":"WebSite","@id":"https:\/\/www.hralert.be\/nl\/#website","url":"https:\/\/www.hralert.be\/nl\/","name":"HR Alert","description":"Real Time News for Human Resources Governance","publisher":{"@id":"https:\/\/www.hralert.be\/nl\/#organization"},"potentialAction":[{"@type":"SearchAction","target":{"@type":"EntryPoint","urlTemplate":"https:\/\/www.hralert.be\/nl\/?s={search_term_string}"},"query-input":"required name=search_term_string"}],"inLanguage":"nl-NL"},{"@type":"Organization","@id":"https:\/\/www.hralert.be\/nl\/#organization","name":"HR Alert","url":"https:\/\/www.hralert.be\/nl\/","logo":{"@type":"ImageObject","inLanguage":"nl-NL","@id":"https:\/\/www.hralert.be\/nl\/#\/schema\/logo\/image\/","url":"https:\/\/hralert.arkdevel.be\/wp-content\/uploads\/2022\/01\/logo-base-couleur_1.svg","contentUrl":"https:\/\/hralert.arkdevel.be\/wp-content\/uploads\/2022\/01\/logo-base-couleur_1.svg","width":350.41,"height":68.12,"caption":"HR Alert"},"image":{"@id":"https:\/\/www.hralert.be\/nl\/#\/schema\/logo\/image\/"}}]}},"_links":{"self":[{"href":"https:\/\/www.hralert.be\/nl\/wp-json\/wp\/v2\/news\/1415"}],"collection":[{"href":"https:\/\/www.hralert.be\/nl\/wp-json\/wp\/v2\/news"}],"about":[{"href":"https:\/\/www.hralert.be\/nl\/wp-json\/wp\/v2\/types\/news"}],"wp:attachment":[{"href":"https:\/\/www.hralert.be\/nl\/wp-json\/wp\/v2\/media?parent=1415"}],"wp:term":[{"taxonomy":"category","embeddable":true,"href":"https:\/\/www.hralert.be\/nl\/wp-json\/wp\/v2\/categories?post=1415"}],"curies":[{"name":"wp","href":"https:\/\/api.w.org\/{rel}","templated":true}]}}